{"id":2958,"date":"2026-04-24T18:45:59","date_gmt":"2026-04-24T18:45:59","guid":{"rendered":"https:\/\/primerovallarta.com\/?p=2958"},"modified":"2026-04-24T18:45:59","modified_gmt":"2026-04-24T18:45:59","slug":"autoridades-siguen-sin-dar-la-cara-por-cierre-de-playa-cocinas","status":"publish","type":"post","link":"https:\/\/primerovallarta.com\/index.php\/2026\/04\/24\/autoridades-siguen-sin-dar-la-cara-por-cierre-de-playa-cocinas\/","title":{"rendered":"AUTORIDADES SIGUEN SIN DAR LA CARA POR CIERRE DE PLAYA COCINAS"},"content":{"rendered":"\n<p class=\"has-black-color has-text-color has-link-color wp-elements-6a70cbff672f86de9ba75718600364a4\">La reuni\u00f3n informativa convocada por autoridades para abordar las obras en Playa Cocinas, en Punta de Mita, llega en un momento de m\u00e1xima tensi\u00f3n social: mientras se intenta bajar la presi\u00f3n ciudadana y evitar el bloqueo anunciado para el lunes en la carretera federal 200, pobladores denuncian que la construcci\u00f3n no solo no se detuvo, sino que avanz\u00f3 a\u00fan m\u00e1s hacia el mar, ampliando el pol\u00edgono de intervenci\u00f3n y acercando maquinaria, mallas y trabajos a la zona donde rompen las olas.<\/p>\n\n\n\n<p class=\"has-black-color has-text-color has-link-color wp-elements-44bb61d6acb07dbb43f3b637cb0c535f\">El conflicto ya no gira solamente en torno a una obra privada, sino a la forma en que se ha manejado p\u00fablicamente. La inconformidad creci\u00f3 porque los trabajos comenzaron sin una socializaci\u00f3n clara con la comunidad, sin informaci\u00f3n accesible sobre permisos, estudios, alcances t\u00e9cnicos y afectaciones, y sin una explicaci\u00f3n puntual sobre qu\u00e9 se pretende construir en una playa que forma parte de la vida cotidiana de pobladores, trabajadores, visitantes y familias de la zona. La reuni\u00f3n informativa aparece tarde, cuando el malestar ya explot\u00f3 y cuando la gente percibe que se le quiere informar despu\u00e9s de que las decisiones ya fueron tomadas.<\/p>\n\n\n\n<p class=\"has-black-color has-text-color has-link-color wp-elements-67eb9a48c50c013ef989fa3a4484d989\">En las im\u00e1genes difundidas por habitantes se observa maquinaria pesada, cercos de malla, movimiento de roca, excavaciones y tubos colocados en la franja costera. Para los pobladores, el hecho m\u00e1s grave es que la malla de obra habr\u00eda sido movida hacia el mar, lo que en la pr\u00e1ctica reduce el espacio de playa disponible y refuerza la sospecha de que se est\u00e1n construyendo estructuras sobre el litoral. La duda que m\u00e1s se repite es directa: \u00bfvan a construir espigones o alguna obra mar\u00edtima que modifique la playa? Hasta ahora, no hay una respuesta p\u00fablica suficientemente clara.<\/p>\n\n\n\n<p class=\"has-black-color has-text-color has-link-color wp-elements-a72ef7ded4740f23fd2754c4c9fbc144\">La falta de transparencia alimenta la protesta. Los inconformes quieren saber cu\u00e1nta playa quedar\u00e1 libre, por d\u00f3nde ser\u00e1 el acceso p\u00fablico, si habr\u00e1 restricciones permanentes, qu\u00e9 obras se ejecutan exactamente, qui\u00e9n autoriz\u00f3 el avance del pol\u00edgono y si existen dict\u00e1menes ambientales y mar\u00edtimos que respalden cada intervenci\u00f3n. En un tema costero, las respuestas no pueden quedarse en generalidades ni en discursos de promoci\u00f3n tur\u00edstica: deben ser t\u00e9cnicas, verificables y p\u00fablicas.<\/p>\n\n\n\n<p class=\"has-black-color has-text-color has-link-color wp-elements-42303d784e417f23e9df80b3810164dd\">El proyecto est\u00e1 vinculado a un desarrollo inmobiliario y tur\u00edstico exclusivo en Punta de Mita, llamado Montague y Prendy, que levantar\u00e1 274 habitaciones y 62 residencias. La informaci\u00f3n promocional disponible habla de hoteles, residencias de marca, servicios de lujo, restaurantes, spas, instalaciones deportivas y experiencias frente al mar. Ese discurso de inversi\u00f3n contrasta con el enojo de pobladores que temen perder territorio de playa y quedar relegados ante un modelo de desarrollo que promete exclusividad para unos cuantos, mientras exige tolerancia y silencio a quienes habitan o usan hist\u00f3ricamente el entorno.<\/p>\n\n\n\n<p class=\"has-black-color has-text-color has-link-color wp-elements-ce343847f0179b5fd8e3eee811ba45ef\">La cr\u00edtica ciudadana tambi\u00e9n apunta al papel de los tres niveles de gobierno. A nivel federal, los se\u00f1alamientos se concentran en la falta de claridad sobre autorizaciones, permisos, estudios ambientales y delimitaciones de zona federal mar\u00edtimo terrestre. En el \u00e1mbito municipal, el Gobierno de Bah\u00eda de Banderas de H\u00e9ctor Santana es acusado de actuar con pasividad y de acompa\u00f1ar lo que requiere el desarrollador, en lugar de exigir primero informaci\u00f3n completa y garant\u00edas para la poblaci\u00f3n. Y en el plano estatal, el cuestionamiento es todav\u00eda m\u00e1s pol\u00edtico: autoridades del Gobierno de Nayarit respaldaron p\u00fablicamente el arranque de las obras, participaron en el banderazo y dieron un mensaje de apoyo institucional antes de que existiera una explicaci\u00f3n suficiente para la comunidad.<\/p>\n\n\n\n<p class=\"has-black-color has-text-color has-link-color wp-elements-48cff62ffd0bd287987dd83fd9d467f6\">Ese respaldo oficial es parte del enojo. Para los pobladores, no se trata de un desarrollo que avanz\u00f3 solo, sino de un proyecto que ha contado con acompa\u00f1amiento pol\u00edtico desde su origen. Por eso la reuni\u00f3n informativa no alcanza si solo busca tranquilizar a la gente o pedir que no bloquee la carretera. La comunidad no est\u00e1 pidiendo una presentaci\u00f3n amable del proyecto, sino certezas: documentos, planos, permisos, l\u00edmites, responsables, fechas, medidas de mitigaci\u00f3n y garant\u00edas reales de acceso a la playa.<\/p>\n\n\n\n<p class=\"has-black-color has-text-color has-link-color wp-elements-b3cf90392dcf17b54b00943a23df7409\">El temor de fondo es que Playa Cocinas termine convertida en otro tramo costero donde el acceso p\u00fablico existe solo en el papel, mientras en la pr\u00e1ctica se vuelve inc\u00f3modo, restringido, escondido o inviable. En destinos tur\u00edsticos de alta plusval\u00eda, la privatizaci\u00f3n de facto no siempre ocurre con bardas definitivas; a veces empieza con mallas temporales, obras \u201cprovisionales\u201d, accesos confusos, vigilancia privada, cambios en la playa y una narrativa oficial que insiste en que todo est\u00e1 en regla, aunque la poblaci\u00f3n no pueda comprobarlo.<\/p>\n\n\n\n<p class=\"has-black-color has-text-color has-link-color wp-elements-20123006375a34e6f424d5d81f5329f9\">A la inconformidad por la playa se suma un reclamo b\u00e1sico: la falta de agua y la falta de explicaciones del municipio. Vecinos se\u00f1alan que mientras se facilita el avance de un desarrollo exclusivo en la costa, la poblaci\u00f3n enfrenta problemas de servicio sin respuestas claras. Esa comparaci\u00f3n ha aumentado la irritaci\u00f3n social, porque muestra dos velocidades de gobierno: una r\u00e1pida para acompa\u00f1ar inversiones privadas y otra lenta, evasiva o muda para resolver necesidades cotidianas.<\/p>\n\n\n\n<p class=\"has-black-color has-text-color has-link-color wp-elements-f9158283765624352a39b8e0fceeab88\">La protesta anunciada para el lunes en la carretera 200 sigue siendo el punto de presi\u00f3n. Las autoridades buscan evitar el cierre vial mediante una reuni\u00f3n informativa, pero hasta el momento el malestar no parece contenido. Por el contrario, el avance de la obra hacia el mar endureci\u00f3 la postura de quienes consideran que, si no hay protesta, las decisiones seguir\u00e1n tom\u00e1ndose sin ellos. El bloqueo, con todas las afectaciones que puede generar, se est\u00e1 convirtiendo en el recurso de una comunidad que siente que las v\u00edas institucionales no han servido.<\/p>\n\n\n\n<p class=\"has-black-color has-text-color has-link-color wp-elements-1b34f6ee6f7f0bc2737436ce47ad23d0\">El Gobierno Municipal de Bah\u00eda de Banderas tiene aqu\u00ed una responsabilidad directa. No puede limitarse a ser espectador ni vocero indirecto del desarrollador. Si realmente quiere mediar, debe exigir la suspensi\u00f3n preventiva de cualquier avance que modifique el \u00e1rea en disputa mientras se transparenta la informaci\u00f3n t\u00e9cnica y legal. De lo contrario, la reuni\u00f3n ser\u00e1 vista como lo que muchos ya sospechan: un intento de ganar tiempo, enfriar la protesta y permitir que la obra contin\u00fae. Adem\u00e1s recordemos que el alcalde H\u00e9ctor Santana hace casi un a\u00f1o que prometi\u00f3 abrir unos 30 accesos libres a playas de dif\u00edcil ingreso, pero no solo ninguno de esos se ha concretado, sino que ahora, nuevas obras amenazan a las playas ya accesibles.<\/p>\n\n\n\n<p class=\"has-black-color has-text-color has-link-color wp-elements-74d6b976f6f21c539898ce7420a39e66\">El Gobierno de Nayarit tambi\u00e9n tendr\u00eda que aclarar su papel. Si acompa\u00f1\u00f3 el arranque del proyecto, debe explicar bajo qu\u00e9 garant\u00edas lo hizo y c\u00f3mo proteger\u00e1 el inter\u00e9s p\u00fablico frente a un desarrollo de lujo que se instala sobre una zona sensible. La promoci\u00f3n de inversi\u00f3n tur\u00edstica no puede ser carta blanca para reducir playas, alterar din\u00e1micas costeras o dejar a la poblaci\u00f3n con dudas fundamentales. Menos a\u00fan cuando se trata de un destino donde la presi\u00f3n inmobiliaria sobre el litoral ha sido constante.<\/p>\n\n\n\n<p class=\"has-black-color has-text-color has-link-color wp-elements-98ac1233a4adf5d83681b5a7bf98a4b8\">Las autoridades federales, por su parte, deben asumir que el conflicto ya rebas\u00f3 el discurso local. Cuando hay maquinaria en zona costera, movimiento de rocas, posible intervenci\u00f3n mar\u00edtima y dudas sobre el acceso a la playa, corresponde transparentar permisos, inspecciones y alcances. Si todo est\u00e1 en regla, deben demostrarlo. Si algo no lo est\u00e1, deben intervenir. Lo que no resulta aceptable es el silencio administrativo mientras la obra avanza y la protesta crece.<\/p>\n\n\n\n<p class=\"has-black-color has-text-color has-link-color wp-elements-d67617955e41f4ce77ad57422533258c\">Playa Cocinas se ha convertido as\u00ed en un s\u00edmbolo de una tensi\u00f3n mayor en Bah\u00eda de Banderas: el choque entre desarrollo tur\u00edstico de \u00e9lite y derecho social al territorio costero. La pregunta no es si Punta de Mita puede recibir inversi\u00f3n, sino bajo qu\u00e9 reglas, con qu\u00e9 controles, con qu\u00e9 l\u00edmites y con qu\u00e9 respeto a la gente que vive ah\u00ed. El desarrollo no puede justificarse si para avanzar necesita opacidad, cercos, permisos poco explicados y reuniones convocadas solo cuando la comunidad amenaza con cerrar una carretera.<\/p>\n\n\n\n<p class=\"has-black-color has-text-color has-link-color wp-elements-f89985d7e44321d22b35426fd165b36c\">La reuni\u00f3n informativa podr\u00e1 ofrecer datos, promesas o compromisos, pero la prueba real estar\u00e1 en los hechos: si se detiene el avance hacia el mar, si se muestran documentos, si se garantiza el acceso p\u00fablico, si se aclara si habr\u00e1 espigones y si se atiende tambi\u00e9n la crisis de agua que afecta a los habitantes. Mientras eso no ocurra, la percepci\u00f3n seguir\u00e1 siendo la misma entre pobladores: que les est\u00e1n dando atole con el dedo mientras la privatizaci\u00f3n de facto contin\u00faa en Playa Cocinas.<\/p>\n\n\n\n<p class=\"has-black-color has-text-color has-link-color wp-elements-b9e54516ac5f13ad31ecdc088355a1f0\"><a href=\"https:\/\/www.facebook.com\/hashtag\/primerovallarta?__cft__[0]=AZY3RqomtFp57F1SiHuX2cLmMj2b2jqpRrguuBaDIuRcUWyzLy-XBmUjKZqdTmt_XKlkPhcnuM0C8JuRhfpeW6LY9gH-Ceo6CMeZ6pfDbHWe98CyL-LqdS3I4-ZF4ISXYgHpsT3GIIVB7viKu1nP_gHW&amp;__tn__=*NK-R\">#PrimeroVallarta<\/a> TE INFORMA con hechos, no palabras.<\/p>\n\n\n\n<p><\/p>\n","protected":false},"excerpt":{"rendered":"<p>La reuni\u00f3n informativa convocada por autoridades para abordar las obras en Playa Cocinas, en Punta de Mita, llega en un momento de m\u00e1xima tensi\u00f3n social: mientras se intenta bajar la presi\u00f3n ciudadana y evitar el bloqueo anunciado para el lunes en la carretera federal 200, pobladores denuncian que la construcci\u00f3n no solo no se detuvo, [&hellip;]<\/p>\n","protected":false},"author":1,"featured_media":2959,"comment_status":"open","ping_status":"closed","sticky":false,"template":"","format":"standard","meta":{"footnotes":""},"categories":[11,100],"tags":[],"class_list":["post-2958","post","type-post","status-publish","format-standard","has-post-thumbnail","hentry","category-badeba","category-playas"],"_links":{"self":[{"href":"https:\/\/primerovallarta.com\/index.php\/wp-json\/wp\/v2\/posts\/2958","targetHints":{"allow":["GET"]}}],"collection":[{"href":"https:\/\/primerovallarta.com\/index.php\/wp-json\/wp\/v2\/posts"}],"about":[{"href":"https:\/\/primerovallarta.com\/index.php\/wp-json\/wp\/v2\/types\/post"}],"author":[{"embeddable":true,"href":"https:\/\/primerovallarta.com\/index.php\/wp-json\/wp\/v2\/users\/1"}],"replies":[{"embeddable":true,"href":"https:\/\/primerovallarta.com\/index.php\/wp-json\/wp\/v2\/comments?post=2958"}],"version-history":[{"count":1,"href":"https:\/\/primerovallarta.com\/index.php\/wp-json\/wp\/v2\/posts\/2958\/revisions"}],"predecessor-version":[{"id":2960,"href":"https:\/\/primerovallarta.com\/index.php\/wp-json\/wp\/v2\/posts\/2958\/revisions\/2960"}],"wp:featuredmedia":[{"embeddable":true,"href":"https:\/\/primerovallarta.com\/index.php\/wp-json\/wp\/v2\/media\/2959"}],"wp:attachment":[{"href":"https:\/\/primerovallarta.com\/index.php\/wp-json\/wp\/v2\/media?parent=2958"}],"wp:term":[{"taxonomy":"category","embeddable":true,"href":"https:\/\/primerovallarta.com\/index.php\/wp-json\/wp\/v2\/categories?post=2958"},{"taxonomy":"post_tag","embeddable":true,"href":"https:\/\/primerovallarta.com\/index.php\/wp-json\/wp\/v2\/tags?post=2958"}],"curies":[{"name":"wp","href":"https:\/\/api.w.org\/{rel}","templated":true}]}}