{"id":2955,"date":"2026-04-24T18:44:09","date_gmt":"2026-04-24T18:44:09","guid":{"rendered":"https:\/\/primerovallarta.com\/?p=2955"},"modified":"2026-04-24T18:44:09","modified_gmt":"2026-04-24T18:44:09","slug":"puerto-vallarta-debe-prevenirse-ante-huracanes-de-este-ano","status":"publish","type":"post","link":"https:\/\/primerovallarta.com\/index.php\/2026\/04\/24\/puerto-vallarta-debe-prevenirse-ante-huracanes-de-este-ano\/","title":{"rendered":"PUERTO VALLARTA DEBE PREVENIRSE ANTE HURACANES DE ESTE A\u00d1O"},"content":{"rendered":"\n<p class=\"has-black-color has-text-color has-link-color wp-elements-b3fc6f6cb9ed3e2c93fa4b36af38396f\">La temporada de ciclones tropicales de este a\u00f1o se perfila con especial atenci\u00f3n para el Pac\u00edfico mexicano, donde las condiciones del oc\u00e9ano podr\u00edan favorecer la formaci\u00f3n de sistemas m\u00e1s intensos, con hasta 21 fen\u00f3menos previstos y entre cuatro y cinco huracanes mayores, es decir, de categor\u00edas 3, 4 o 5.<\/p>\n\n\n\n<p class=\"has-black-color has-text-color has-link-color wp-elements-930934e097e05a572fd2ef778aa9cfba\">De acuerdo con el pron\u00f3stico difundido por la Comisi\u00f3n Nacional del Agua y el Servicio Meteorol\u00f3gico Nacional, en el Pac\u00edfico se espera una temporada por encima de lo habitual, con entre 18 y 21 ciclones tropicales. De ese total, entre nueve y diez podr\u00edan ser tormentas tropicales, entre cinco y seis alcanzar\u00edan fuerza de hurac\u00e1n categor\u00eda 1 o 2, y entre cuatro y cinco podr\u00edan convertirse en huracanes mayores, los de mayor capacidad destructiva por la fuerza de sus vientos, lluvias y marejadas.<\/p>\n\n\n\n<p class=\"has-black-color has-text-color has-link-color wp-elements-026551fba193f588a604dd804e67fe0c\">El dato m\u00e1s relevante para las costas del occidente del pa\u00eds no est\u00e1 solo en el n\u00famero de ciclones, sino en la posibilidad de que varios de ellos encuentren un oc\u00e9ano m\u00e1s c\u00e1lido, con mayor evaporaci\u00f3n y m\u00e1s energ\u00eda disponible para fortalecerse. La probable presencia del fen\u00f3meno de El Ni\u00f1o durante el verano de 2026 podr\u00eda elevar la temperatura superficial del Pac\u00edfico y crear condiciones favorables para huracanes m\u00e1s poderosos, aunque especialistas han llamado a dar seguimiento sin caer en alarmismo, debido a que la intensidad exacta todav\u00eda no puede anticiparse con precisi\u00f3n.<\/p>\n\n\n\n<p class=\"has-black-color has-text-color has-link-color wp-elements-9047c596a20504af18b849f572d3876a\">Para destinos costeros como Puerto Vallarta, Bah\u00eda de Banderas y la Riviera Nayarit, el pron\u00f3stico obliga a reforzar la cultura preventiva desde antes del inicio formal de la temporada, que en el Pac\u00edfico comienza el 15 de mayo y se extiende hasta el 30 de noviembre. La experiencia reciente ha demostrado que no se necesita el impacto directo del ojo de un hurac\u00e1n para generar afectaciones: lluvias intensas, crecidas de r\u00edos, deslaves, oleaje elevado y cortes de servicios pueden presentarse aun cuando el sistema pase frente a la costa.<\/p>\n\n\n\n<p class=\"has-black-color has-text-color has-link-color wp-elements-4416e85fb5401a6396430517668dba36\">En el Atl\u00e1ntico tambi\u00e9n se espera actividad, aunque con menor n\u00famero de sistemas que en el Pac\u00edfico. El pron\u00f3stico oficial contempla entre 11 y 15 fen\u00f3menos, de los cuales entre siete y ocho ser\u00edan tormentas tropicales, entre tres y cinco huracanes categor\u00eda 1 o 2, y entre uno y dos huracanes de gran intensidad. La diferencia principal es que este a\u00f1o el foco de mayor preocupaci\u00f3n para M\u00e9xico se coloca sobre el litoral del Pac\u00edfico, donde se prev\u00e9 una temporada m\u00e1s activa.<\/p>\n\n\n\n<p class=\"has-black-color has-text-color has-link-color wp-elements-6b199414f5c94484f0348a0745b53a0d\">La lista de nombres para el Pac\u00edfico incluye a Amanda, Boris, Cristina, Douglas, Elida, Fausto, Genevieve, Hernan, Iselle, Julio, Karina, Lowell, Marie, Norbert, Odalys, Polo, Rachel, Simon, Trudy, Vance, Winnie, Xavier, Yolanda y Zeke. En el Atl\u00e1ntico, los nombres previstos son Arthur, Bertha, Cristobal, Dolly, Edouard, Fay, Gonzalo, Hanna, Isa\u00edas, Josephine, Kyle, Leah, Marco, Nana, Omar, Paulette, Rene, Sally, Teddy, Vicky y Wilfred.<\/p>\n\n\n\n<p class=\"has-black-color has-text-color has-link-color wp-elements-28b09ff39e66f025ab9e268c75c0666a\">Las autoridades meteorol\u00f3gicas y de Protecci\u00f3n Civil han insistido en que la preparaci\u00f3n debe comenzar antes de que aparezca el primer sistema con nombre. En zonas de playa, r\u00edos y laderas, la recomendaci\u00f3n es revisar viviendas, limpiar canales y azoteas, ubicar refugios temporales, atender solo informaci\u00f3n oficial y no esperar a que un cicl\u00f3n est\u00e9 cerca para tomar medidas. Con un Pac\u00edfico caliente y una temporada que podr\u00eda producir varios huracanes mayores, la prevenci\u00f3n dejar\u00e1 de ser una recomendaci\u00f3n gen\u00e9rica para convertirse en una necesidad urgente para las comunidades costeras.<\/p>\n\n\n\n<p class=\"has-black-color has-text-color has-link-color wp-elements-0c430c2cce1381a4a9ea12e99e1e1db2\"><a href=\"https:\/\/www.facebook.com\/hashtag\/primerovallarta?__cft__[0]=AZYyGS5O5W3q-lFoeZgahQ74cHqSHcXUcYJ-pH2JWhlG1B9hoCisYu7zcp4TYYRCR14DWGKMXrTNGFJuM4EkFPS812dJ2kBqKvXb2C1_mx7gDhkP_8e-QDvtgcAKSGjpkrQc8f0umAS1sIpW31NNUVjL&amp;__tn__=*NK-R\">#PrimeroVallarta<\/a> TE INFORMA con la verdad<\/p>\n","protected":false},"excerpt":{"rendered":"<p>La temporada de ciclones tropicales de este a\u00f1o se perfila con especial atenci\u00f3n para el Pac\u00edfico mexicano, donde las condiciones del oc\u00e9ano podr\u00edan favorecer la formaci\u00f3n de sistemas m\u00e1s intensos, con hasta 21 fen\u00f3menos previstos y entre cuatro y cinco huracanes mayores, es decir, de categor\u00edas 3, 4 o 5. De acuerdo con el pron\u00f3stico [&hellip;]<\/p>\n","protected":false},"author":1,"featured_media":2956,"comment_status":"open","ping_status":"closed","sticky":false,"template":"","format":"standard","meta":{"footnotes":""},"categories":[158],"tags":[],"class_list":["post-2955","post","type-post","status-publish","format-standard","has-post-thumbnail","hentry","category-huracanes"],"_links":{"self":[{"href":"https:\/\/primerovallarta.com\/index.php\/wp-json\/wp\/v2\/posts\/2955","targetHints":{"allow":["GET"]}}],"collection":[{"href":"https:\/\/primerovallarta.com\/index.php\/wp-json\/wp\/v2\/posts"}],"about":[{"href":"https:\/\/primerovallarta.com\/index.php\/wp-json\/wp\/v2\/types\/post"}],"author":[{"embeddable":true,"href":"https:\/\/primerovallarta.com\/index.php\/wp-json\/wp\/v2\/users\/1"}],"replies":[{"embeddable":true,"href":"https:\/\/primerovallarta.com\/index.php\/wp-json\/wp\/v2\/comments?post=2955"}],"version-history":[{"count":1,"href":"https:\/\/primerovallarta.com\/index.php\/wp-json\/wp\/v2\/posts\/2955\/revisions"}],"predecessor-version":[{"id":2957,"href":"https:\/\/primerovallarta.com\/index.php\/wp-json\/wp\/v2\/posts\/2955\/revisions\/2957"}],"wp:featuredmedia":[{"embeddable":true,"href":"https:\/\/primerovallarta.com\/index.php\/wp-json\/wp\/v2\/media\/2956"}],"wp:attachment":[{"href":"https:\/\/primerovallarta.com\/index.php\/wp-json\/wp\/v2\/media?parent=2955"}],"wp:term":[{"taxonomy":"category","embeddable":true,"href":"https:\/\/primerovallarta.com\/index.php\/wp-json\/wp\/v2\/categories?post=2955"},{"taxonomy":"post_tag","embeddable":true,"href":"https:\/\/primerovallarta.com\/index.php\/wp-json\/wp\/v2\/tags?post=2955"}],"curies":[{"name":"wp","href":"https:\/\/api.w.org\/{rel}","templated":true}]}}