{"id":2946,"date":"2026-04-24T18:30:08","date_gmt":"2026-04-24T18:30:08","guid":{"rendered":"https:\/\/primerovallarta.com\/?p=2946"},"modified":"2026-04-24T18:30:08","modified_gmt":"2026-04-24T18:30:08","slug":"bloquearan-la-carretera-en-bahia-en-protesta-por-obras-de-playa","status":"publish","type":"post","link":"https:\/\/primerovallarta.com\/index.php\/2026\/04\/24\/bloquearan-la-carretera-en-bahia-en-protesta-por-obras-de-playa\/","title":{"rendered":"BLOQUEAR\u00c1N LA CARRETERA EN BAH\u00cdA EN PROTESTA POR OBRAS DE PLAYA"},"content":{"rendered":"\n<p class=\"has-black-color has-text-color has-link-color wp-elements-3fbb4ebe929eec924fc2b067073fb81d\">La inconformidad social por las obras denunciadas en Playa Cocinas escal\u00f3 este fin de semana a la convocatoria de un bloqueo en la carretera federal 200, en un nuevo episodio de tensi\u00f3n entre habitantes de Punta de Mita e Higuera Blanca y las autoridades que, acusan, no han dado una respuesta clara ni han frenado una intervenci\u00f3n que consideran lesiva para el litoral y para el acceso p\u00fablico a la playa.<\/p>\n\n\n\n<p class=\"has-black-color has-text-color has-link-color wp-elements-add8faf4227197f14db22a6a3da3fb09\">De acuerdo con publicaciones difundidas por integrantes de colectivos, p\u00e1ginas comunitarias y participantes en reuniones recientes, el cierre fue convocado para este lunes 27 de abril desde temprana hora, bajo el argumento de que no se cumplieron los acuerdos planteados en mesas previas con autoridades y representantes relacionados con la obra. En esos mensajes, los inconformes sostienen que, pese a que se hab\u00eda pedido documentaci\u00f3n y una pausa en las labores, en la zona continu\u00f3 el movimiento de maquinaria dentro del \u00e1rea se\u00f1alada por los propios activistas como parte de la franja federal mar\u00edtimo terrestre.<\/p>\n\n\n\n<p class=\"has-black-color has-text-color has-link-color wp-elements-da9bc74ca95f554a049072eabc582cc5\">La protesta se alimenta de un reclamo doble: por un lado, el rechazo a las obras en Playa Cocinas, que vecinos consideran una afectaci\u00f3n ecol\u00f3gica y un riesgo para el libre acceso a la costa; por otro, la molestia por la falta de una intervenci\u00f3n visible y contundente del gobierno municipal de Bah\u00eda de Banderas, as\u00ed como de las autoridades federales competentes en materia ambiental y de zona federal. En el discurso de los manifestantes se repite la idea de que la comunidad ha sido escuchada s\u00f3lo de forma parcial, pero no atendida con acciones concretas que den certeza sobre permisos, l\u00edmites de la obra y eventuales sanciones.<\/p>\n\n\n\n<p class=\"has-black-color has-text-color has-link-color wp-elements-85c0ddeee869e2cf78a452a85e53437e\">En las publicaciones que circularon en las \u00faltimas horas, el cierre de la federal 200 no fue presentado como una medida improvisada, sino como una acci\u00f3n de presi\u00f3n ante lo que describen como omisi\u00f3n institucional. Los convocantes insisten en que el conflicto ya no se limita a Playa Cocinas, sino que se ha convertido en un s\u00edmbolo de una inconformidad m\u00e1s amplia por el acceso a las playas y por la distribuci\u00f3n del agua en la zona. Bajo esa narrativa, Punta de Mita e Higuera Blanca aparecen como comunidades que, seg\u00fan sus propios voceros, enfrentan desde hace a\u00f1os un modelo de desarrollo que privilegia intereses privados por encima de derechos colectivos.<\/p>\n\n\n\n<p class=\"has-black-color has-text-color has-link-color wp-elements-368e7766a800112899ddfc2e8e17bdf1\">El tono de la convocatoria tambi\u00e9n deja ver un endurecimiento del conflicto. En distintos mensajes se afirma que \u201cel pueblo ya decidi\u00f3 actuar\u201d, luego de considerar incumplidos los plazos prometidos para exhibir documentos de transparencia o detener la obra. Esa percepci\u00f3n ha alimentado un ambiente de agravio en el que la protesta carretera es vista por los participantes como el \u00fanico recurso para obligar a una reacci\u00f3n de las autoridades, ante la ausencia de resoluciones transparentes y de una postura firme del ayuntamiento o de instancias federales.<\/p>\n\n\n\n<p class=\"has-black-color has-text-color has-link-color wp-elements-55d6abe35d7b7b73b756b7073da3b2ce\">Hasta ahora, el caso exhibe un vac\u00edo de autoridad que ha permitido que la versi\u00f3n de los inconformes gane terreno en la discusi\u00f3n p\u00fablica. Mientras las redes sociales se llenan de llamados a defender \u201cplayas libres\u201d y \u201cagua para el pueblo\u201d, la falta de informaci\u00f3n oficial suficiente ha dejado espacio a la sospecha y a la confrontaci\u00f3n. En ese contexto, el bloqueo anunciado sobre la carretera federal 200 no s\u00f3lo representa un problema de movilidad regional, sino el s\u00edntoma de un conflicto costero que creci\u00f3 sin contenci\u00f3n institucional y que hoy coloca bajo presi\u00f3n tanto al gobierno municipal como a las dependencias federales obligadas a vigilar el uso de la zona federal y el impacto ambiental de las obras.<\/p>\n\n\n\n<p class=\"has-black-color has-text-color has-link-color wp-elements-1d4354b8f293e476358a54eb5101871b\"><a href=\"https:\/\/www.facebook.com\/hashtag\/primerovallarta?__cft__[0]=AZYb7Nau5WjTVF3VvTcxPIL6G00AMTDXeYoHq0uC2Q0QI6cFJhFYHVbhZGYfMZXsjLH6Y2IdFlz9Z0Kl7zQUKcD4HJ0TQAxo8S3-e5C6i1WJsTg3KuDg33RwIkL5gt5IpS4hLilrM_ojC9-ttm2CmiJn&amp;__tn__=*NK-R\">#PrimeroVallarta<\/a> TE INFORMA con la verdad<\/p>\n\n\n\n<p><\/p>\n","protected":false},"excerpt":{"rendered":"<p>La inconformidad social por las obras denunciadas en Playa Cocinas escal\u00f3 este fin de semana a la convocatoria de un bloqueo en la carretera federal 200, en un nuevo episodio de tensi\u00f3n entre habitantes de Punta de Mita e Higuera Blanca y las autoridades que, acusan, no han dado una respuesta clara ni han frenado [&hellip;]<\/p>\n","protected":false},"author":1,"featured_media":2947,"comment_status":"open","ping_status":"closed","sticky":false,"template":"","format":"standard","meta":{"footnotes":""},"categories":[11],"tags":[],"class_list":["post-2946","post","type-post","status-publish","format-standard","has-post-thumbnail","hentry","category-badeba"],"_links":{"self":[{"href":"https:\/\/primerovallarta.com\/index.php\/wp-json\/wp\/v2\/posts\/2946","targetHints":{"allow":["GET"]}}],"collection":[{"href":"https:\/\/primerovallarta.com\/index.php\/wp-json\/wp\/v2\/posts"}],"about":[{"href":"https:\/\/primerovallarta.com\/index.php\/wp-json\/wp\/v2\/types\/post"}],"author":[{"embeddable":true,"href":"https:\/\/primerovallarta.com\/index.php\/wp-json\/wp\/v2\/users\/1"}],"replies":[{"embeddable":true,"href":"https:\/\/primerovallarta.com\/index.php\/wp-json\/wp\/v2\/comments?post=2946"}],"version-history":[{"count":1,"href":"https:\/\/primerovallarta.com\/index.php\/wp-json\/wp\/v2\/posts\/2946\/revisions"}],"predecessor-version":[{"id":2948,"href":"https:\/\/primerovallarta.com\/index.php\/wp-json\/wp\/v2\/posts\/2946\/revisions\/2948"}],"wp:featuredmedia":[{"embeddable":true,"href":"https:\/\/primerovallarta.com\/index.php\/wp-json\/wp\/v2\/media\/2947"}],"wp:attachment":[{"href":"https:\/\/primerovallarta.com\/index.php\/wp-json\/wp\/v2\/media?parent=2946"}],"wp:term":[{"taxonomy":"category","embeddable":true,"href":"https:\/\/primerovallarta.com\/index.php\/wp-json\/wp\/v2\/categories?post=2946"},{"taxonomy":"post_tag","embeddable":true,"href":"https:\/\/primerovallarta.com\/index.php\/wp-json\/wp\/v2\/tags?post=2946"}],"curies":[{"name":"wp","href":"https:\/\/api.w.org\/{rel}","templated":true}]}}