{"id":2025,"date":"2025-10-29T04:38:29","date_gmt":"2025-10-29T04:38:29","guid":{"rendered":"https:\/\/primerovallarta.com\/?p=2025"},"modified":"2025-10-29T04:38:29","modified_gmt":"2025-10-29T04:38:29","slug":"no-fue-mi-culpa-se-pronuncia-por-caso-natalia-el-comediante","status":"publish","type":"post","link":"https:\/\/primerovallarta.com\/index.php\/2025\/10\/29\/no-fue-mi-culpa-se-pronuncia-por-caso-natalia-el-comediante\/","title":{"rendered":"\u00abNO FUE MI CULPA\u00bb: SE PRONUNCIA POR CASO NATALIA EL COMEDIANTE"},"content":{"rendered":"\n<p class=\"has-black-color has-text-color has-link-color wp-elements-546df918860df9df4d4b973263e5e9ac\">El comediante mexicano de StandUp que sale en <a><\/a>Netflix, Franco Escamilla, se pronunci\u00f3 brevemente tras hacerse viral el caso de Natalia Ruelas, servidora p\u00fablica del Ayuntamiento de Puerto Vallarta quien acude a trabajar a Tesorer\u00eda, y que en su \u00faltimo show en Tepic le respondi\u00f3 que \u00abno sab\u00eda que hac\u00eda\u00bb cuando fue entrevistada por \u00e9l cuando interactu\u00f3 con su p\u00fablico.<\/p>\n\n\n\n<p class=\"has-black-color has-text-color has-link-color wp-elements-a9e604ce37722dfc55f6792a0d47f026\">\u00abNo entiendo porque chin$\u20ac\u00a5s quieren que sea mi culpa\u00bb, se\u00f1al\u00f3, y desminti\u00f3 que alg\u00fan partido pol\u00edtico le haya pagado por cuestionarla, sino por el contrario, ella habl\u00f3 de manera voluntaria en esta parte de 15 minutos de su show que se llama \u00abcabareteo\u00bb.<\/p>\n\n\n\n<p class=\"has-black-color has-text-color has-link-color wp-elements-394ae0ad6b6f92604bbc8397c49de580\">Por su parte, Natalia Ruelas subi\u00f3 hoy un v\u00eddeo a sus redes sociales d\u00f3nde se\u00f1ala que \u00abes humana y se equivoca\u00bb, y procedi\u00f3 a explicar su trabajo, d\u00f3nde se\u00f1ala, le toca llevar agenda su seguimiento de acuerdos en Tesorer\u00eda. Pidi\u00f3 respeto ante el linchamiento medi\u00e1tico y una disculpa a quien pudiese haberse sentido confundido por \u00abla manera ligera\u00bb en la que respondi\u00f3 a Franco Escamilla, la cual lament\u00f3.<\/p>\n\n\n\n<p class=\"has-black-color has-text-color has-link-color wp-elements-a058449a32a3e2ae076eb4654c4fbd04\">Antes, el alcalde Luis Ernesto Mungu\u00eda pidi\u00f3 a todos los servidores p\u00fablicos del Ayuntamiento que respeten la investidura de sus puestos y cuiden el tono de sus palabras en cualquier lugar.<\/p>\n","protected":false},"excerpt":{"rendered":"<p>El comediante mexicano de StandUp que sale en Netflix, Franco Escamilla, se pronunci\u00f3 brevemente tras hacerse viral el caso de Natalia Ruelas, servidora p\u00fablica del Ayuntamiento de Puerto Vallarta quien acude a trabajar a Tesorer\u00eda, y que en su \u00faltimo show en Tepic le respondi\u00f3 que \u00abno sab\u00eda que hac\u00eda\u00bb cuando fue entrevistada por \u00e9l [&hellip;]<\/p>\n","protected":false},"author":1,"featured_media":2026,"comment_status":"open","ping_status":"closed","sticky":false,"template":"","format":"standard","meta":{"footnotes":""},"categories":[95],"tags":[],"class_list":["post-2025","post","type-post","status-publish","format-standard","has-post-thumbnail","hentry","category-natalia"],"_links":{"self":[{"href":"https:\/\/primerovallarta.com\/index.php\/wp-json\/wp\/v2\/posts\/2025","targetHints":{"allow":["GET"]}}],"collection":[{"href":"https:\/\/primerovallarta.com\/index.php\/wp-json\/wp\/v2\/posts"}],"about":[{"href":"https:\/\/primerovallarta.com\/index.php\/wp-json\/wp\/v2\/types\/post"}],"author":[{"embeddable":true,"href":"https:\/\/primerovallarta.com\/index.php\/wp-json\/wp\/v2\/users\/1"}],"replies":[{"embeddable":true,"href":"https:\/\/primerovallarta.com\/index.php\/wp-json\/wp\/v2\/comments?post=2025"}],"version-history":[{"count":1,"href":"https:\/\/primerovallarta.com\/index.php\/wp-json\/wp\/v2\/posts\/2025\/revisions"}],"predecessor-version":[{"id":2027,"href":"https:\/\/primerovallarta.com\/index.php\/wp-json\/wp\/v2\/posts\/2025\/revisions\/2027"}],"wp:featuredmedia":[{"embeddable":true,"href":"https:\/\/primerovallarta.com\/index.php\/wp-json\/wp\/v2\/media\/2026"}],"wp:attachment":[{"href":"https:\/\/primerovallarta.com\/index.php\/wp-json\/wp\/v2\/media?parent=2025"}],"wp:term":[{"taxonomy":"category","embeddable":true,"href":"https:\/\/primerovallarta.com\/index.php\/wp-json\/wp\/v2\/categories?post=2025"},{"taxonomy":"post_tag","embeddable":true,"href":"https:\/\/primerovallarta.com\/index.php\/wp-json\/wp\/v2\/tags?post=2025"}],"curies":[{"name":"wp","href":"https:\/\/api.w.org\/{rel}","templated":true}]}}