{"id":2022,"date":"2025-10-29T04:35:52","date_gmt":"2025-10-29T04:35:52","guid":{"rendered":"https:\/\/primerovallarta.com\/?p=2022"},"modified":"2025-10-29T04:35:52","modified_gmt":"2025-10-29T04:35:52","slug":"a-pocas-horas-de-instalarse-catrina-gigante-no-habra-record-este-ano","status":"publish","type":"post","link":"https:\/\/primerovallarta.com\/index.php\/2025\/10\/29\/a-pocas-horas-de-instalarse-catrina-gigante-no-habra-record-este-ano\/","title":{"rendered":"A POCAS HORAS DE INSTALARSE CATRINA GIGANTE. NO HABR\u00c1 RECORD ESTE A\u00d1O"},"content":{"rendered":"\n<p class=\"has-black-color has-text-color has-link-color wp-elements-1eb419929916b092c006cc30ef18538e\">Se destinar\u00e1n unos 2 millones de pesos del Fideicomiso <a><\/a>para esta acci\u00f3n y las dem\u00e1s obras decorativas y del FESTIVAL RECUERDAME por el D\u00eda de Muertos<\/p>\n\n\n\n<p class=\"has-black-color has-text-color has-link-color wp-elements-79ecbde00adbc592c30cd5a9c22168a9\">El Ayuntamiento de Puerto Vallarta est\u00e1 ya a pocas horas de concluir la instalaci\u00f3n de la Catrina gigante en el Malec\u00f3n, una tradici\u00f3n que se ha continuado y ahora no ser\u00e1 la excepci\u00f3n, pues la maquinaria y los trabajadores ya colocan el armado de metal para lograr que la estructura sostenga lo que ser\u00e1n los huesos, el vestido y el sombrero.<\/p>\n\n\n\n<p class=\"has-black-color has-text-color has-link-color wp-elements-553876fb22c7a594486b274259dc5a04\">\u00abNO SER\u00c1 &#8216;TukiCatrina, eso no est\u00e1 autorizado\u00bb, se\u00f1al\u00f3 el alcalde en entrevista, es decir, contrario a los memes que circulan en redes sociales, el atuendo y dise\u00f1o del esqueleto no estar\u00e1n relacionados a los personajes actuales del r\u00e9gimen.<\/p>\n\n\n\n<p class=\"has-black-color has-text-color has-link-color wp-elements-ed322d83a52a20c69cb2e6b89ccb668c\">Por el contrario, habr\u00e1 un dise\u00f1o nuevo y sorpresa de autor\u00eda del artista. Adem\u00e1s, Luis Ernesto Mungu\u00eda aclar\u00f3 que este a\u00f1o no se buscar\u00e1 el r\u00e9cord Guiness, lo que implica no gastar en vi\u00e1ticos, hospedaje y pago de jueces, aunque el enorme monumento temporal no va a reducir su altura, mayor a los 23 metros.<\/p>\n\n\n\n<p class=\"has-black-color has-text-color has-link-color wp-elements-d8d7b81b9b262f80feea0ab9ae5c57b0\">Sin duda alguna, un atractivo tur\u00edstico para la ciudad que se ha vuelto un icono del folclor vallartense.<\/p>\n","protected":false},"excerpt":{"rendered":"<p>Se destinar\u00e1n unos 2 millones de pesos del Fideicomiso para esta acci\u00f3n y las dem\u00e1s obras decorativas y del FESTIVAL RECUERDAME por el D\u00eda de Muertos El Ayuntamiento de Puerto Vallarta est\u00e1 ya a pocas horas de concluir la instalaci\u00f3n de la Catrina gigante en el Malec\u00f3n, una tradici\u00f3n que se ha continuado y ahora [&hellip;]<\/p>\n","protected":false},"author":1,"featured_media":2023,"comment_status":"open","ping_status":"closed","sticky":false,"template":"","format":"standard","meta":{"footnotes":""},"categories":[94],"tags":[],"class_list":["post-2022","post","type-post","status-publish","format-standard","has-post-thumbnail","hentry","category-catrina"],"_links":{"self":[{"href":"https:\/\/primerovallarta.com\/index.php\/wp-json\/wp\/v2\/posts\/2022","targetHints":{"allow":["GET"]}}],"collection":[{"href":"https:\/\/primerovallarta.com\/index.php\/wp-json\/wp\/v2\/posts"}],"about":[{"href":"https:\/\/primerovallarta.com\/index.php\/wp-json\/wp\/v2\/types\/post"}],"author":[{"embeddable":true,"href":"https:\/\/primerovallarta.com\/index.php\/wp-json\/wp\/v2\/users\/1"}],"replies":[{"embeddable":true,"href":"https:\/\/primerovallarta.com\/index.php\/wp-json\/wp\/v2\/comments?post=2022"}],"version-history":[{"count":1,"href":"https:\/\/primerovallarta.com\/index.php\/wp-json\/wp\/v2\/posts\/2022\/revisions"}],"predecessor-version":[{"id":2024,"href":"https:\/\/primerovallarta.com\/index.php\/wp-json\/wp\/v2\/posts\/2022\/revisions\/2024"}],"wp:featuredmedia":[{"embeddable":true,"href":"https:\/\/primerovallarta.com\/index.php\/wp-json\/wp\/v2\/media\/2023"}],"wp:attachment":[{"href":"https:\/\/primerovallarta.com\/index.php\/wp-json\/wp\/v2\/media?parent=2022"}],"wp:term":[{"taxonomy":"category","embeddable":true,"href":"https:\/\/primerovallarta.com\/index.php\/wp-json\/wp\/v2\/categories?post=2022"},{"taxonomy":"post_tag","embeddable":true,"href":"https:\/\/primerovallarta.com\/index.php\/wp-json\/wp\/v2\/tags?post=2022"}],"curies":[{"name":"wp","href":"https:\/\/api.w.org\/{rel}","templated":true}]}}