{"id":2002,"date":"2025-10-27T19:12:46","date_gmt":"2025-10-27T19:12:46","guid":{"rendered":"https:\/\/primerovallarta.com\/?p=2002"},"modified":"2025-10-27T19:23:13","modified_gmt":"2025-10-27T19:23:13","slug":"programan-cierre-vial-en-calle-insurgentes-por-obras-para-modernizar-drenaje","status":"publish","type":"post","link":"https:\/\/primerovallarta.com\/index.php\/2025\/10\/27\/programan-cierre-vial-en-calle-insurgentes-por-obras-para-modernizar-drenaje\/","title":{"rendered":"Programan cierre vial en calle Insurgentes por obras para modernizar drenaje"},"content":{"rendered":"\n<p class=\"has-black-color has-text-color has-link-color wp-elements-11cedfaba5bf439e6078e73e061197e6\">\u2022 <a><\/a>A partir de este lunes 27 de octubre, SEAPAL Vallarta realizar\u00e1 trabajaros en esa importante arteria de la colonia Emiliano Zapata<\/p>\n\n\n\n<p class=\"has-black-color has-text-color has-link-color wp-elements-9d2b044bde916f35066ed58578cc7774\">SEAPAL Vallarta informa que a partir de las 8:00 a.m. de este lunes 27 de octubre y durante 48 horas, se implementar\u00e1 un cierre a la circulaci\u00f3n vehicular en la calle Insurgentes, entre Francisco I. Madero y 5 de Febrero, en la colonia Emiliano Zapata.<\/p>\n\n\n\n<p class=\"has-black-color has-text-color has-link-color wp-elements-f3cd0c242f9d845647d64785334f97f1\">La medida permitir\u00e1 llevar a cabo la rehabilitaci\u00f3n de un pozo de visita que forma parte de las obras de modernizaci\u00f3n de la red de drenaje sanitario que actualmente se desarrollan en la calle Aquiles Serd\u00e1n, entre Constituci\u00f3n y Camich\u00edn.<\/p>\n\n\n\n<p class=\"has-black-color has-text-color has-link-color wp-elements-d389673875e64433a4af080d8f618084\">Estas acciones reemplazan infraestructura con m\u00e1s de tres d\u00e9cadas de servicio, lo que incrementar\u00e1 la eficiencia del sistema y reducir\u00e1 riesgos de derrames durante temporadas de alta demanda, adem\u00e1s de mejorar la imagen del destino tur\u00edstico.<\/p>\n\n\n\n<p class=\"has-black-color has-text-color has-link-color wp-elements-96742fb20dd609773da57d42bc4edaff\">SEAPAL Vallarta agradece la comprensi\u00f3n y apoyo de la ciudadan\u00eda ante estas labores con visi\u00f3n de largo plazo. Asimismo, se exhorta a automovilistas y transportistas a tomar rutas alternas, prever tiempos de traslado y atender las indicaciones de Tr\u00e1nsito Municipal, quien apoyar\u00e1 en la movilidad de la zona.<\/p>\n\n\n\n<p><\/p>\n","protected":false},"excerpt":{"rendered":"<p>\u2022 A partir de este lunes 27 de octubre, SEAPAL Vallarta realizar\u00e1 trabajaros en esa importante arteria de la colonia Emiliano Zapata SEAPAL Vallarta informa que a partir de las 8:00 a.m. de este lunes 27 de octubre y durante 48 horas, se implementar\u00e1 un cierre a la circulaci\u00f3n vehicular en la calle Insurgentes, entre [&hellip;]<\/p>\n","protected":false},"author":1,"featured_media":2003,"comment_status":"open","ping_status":"closed","sticky":false,"template":"","format":"standard","meta":{"footnotes":""},"categories":[25],"tags":[],"class_list":["post-2002","post","type-post","status-publish","format-standard","has-post-thumbnail","hentry","category-aviso"],"_links":{"self":[{"href":"https:\/\/primerovallarta.com\/index.php\/wp-json\/wp\/v2\/posts\/2002","targetHints":{"allow":["GET"]}}],"collection":[{"href":"https:\/\/primerovallarta.com\/index.php\/wp-json\/wp\/v2\/posts"}],"about":[{"href":"https:\/\/primerovallarta.com\/index.php\/wp-json\/wp\/v2\/types\/post"}],"author":[{"embeddable":true,"href":"https:\/\/primerovallarta.com\/index.php\/wp-json\/wp\/v2\/users\/1"}],"replies":[{"embeddable":true,"href":"https:\/\/primerovallarta.com\/index.php\/wp-json\/wp\/v2\/comments?post=2002"}],"version-history":[{"count":2,"href":"https:\/\/primerovallarta.com\/index.php\/wp-json\/wp\/v2\/posts\/2002\/revisions"}],"predecessor-version":[{"id":2015,"href":"https:\/\/primerovallarta.com\/index.php\/wp-json\/wp\/v2\/posts\/2002\/revisions\/2015"}],"wp:featuredmedia":[{"embeddable":true,"href":"https:\/\/primerovallarta.com\/index.php\/wp-json\/wp\/v2\/media\/2003"}],"wp:attachment":[{"href":"https:\/\/primerovallarta.com\/index.php\/wp-json\/wp\/v2\/media?parent=2002"}],"wp:term":[{"taxonomy":"category","embeddable":true,"href":"https:\/\/primerovallarta.com\/index.php\/wp-json\/wp\/v2\/categories?post=2002"},{"taxonomy":"post_tag","embeddable":true,"href":"https:\/\/primerovallarta.com\/index.php\/wp-json\/wp\/v2\/tags?post=2002"}],"curies":[{"name":"wp","href":"https:\/\/api.w.org\/{rel}","templated":true}]}}