{"id":1999,"date":"2025-10-25T16:15:19","date_gmt":"2025-10-25T16:15:19","guid":{"rendered":"https:\/\/primerovallarta.com\/?p=1999"},"modified":"2025-10-25T16:15:19","modified_gmt":"2025-10-25T16:15:19","slug":"no-sirve-nodo-vial-hasta-que-este-completo-sigue-el-trafico-en-las-juntas","status":"publish","type":"post","link":"https:\/\/primerovallarta.com\/index.php\/2025\/10\/25\/no-sirve-nodo-vial-hasta-que-este-completo-sigue-el-trafico-en-las-juntas\/","title":{"rendered":"NO SIRVE NODO VIAL HASTA QUE EST\u00c9 COMPLETO. SIGUE EL TR\u00c1FICO EN LAS JUNTAS"},"content":{"rendered":"\n<p class=\"has-black-color has-text-color has-link-color wp-elements-15623f770fee90ddf0f186d1d7be0d58\">Urbanistas y expertos opinan que fue un error de ejecuci\u00f3n <a><\/a>en la obra el que di\u00f3 lugar a su apertura sin un paso peatonal elevado<\/p>\n\n\n\n<p class=\"has-black-color has-text-color has-link-color wp-elements-d1dafa49d40f0da7bad25b13e00fd75b\">El sue\u00f1o de cruzar entre Bah\u00eda y Vallarta en pocos minutos durante las horas picos, sin ning\u00fan problema, se desvaneci\u00f3 en un par de d\u00edas tras la apertura del peque\u00f1o paso a desnivel de Las Juntas.<\/p>\n\n\n\n<p class=\"has-black-color has-text-color has-link-color wp-elements-be81089486b81b81df034b095b85fe78\">Y es que, ocurri\u00f3 el peque\u00f1o detalle de que, se construyeron el paso elevado en un sentido hacia Bah\u00eda y los dos retornos bajo este, pero olvidaron colocar el puente peatonal para que la gente cruce, ya as\u00ed sea posible la fluidez vehicular ininterrumpida.<\/p>\n\n\n\n<p class=\"has-black-color has-text-color has-link-color wp-elements-e280ac86d7f491701371c5938b521b95\">De tal manera que, para evitar un atropellamiento, las autoridades tuvieron que volver a colocar los sem\u00e1foros en ambos sentidos, la postal de la luz roja antes del puente ya genera burlas y mofas por lo rid\u00edculo que luce.<\/p>\n\n\n\n<p class=\"has-black-color has-text-color has-link-color wp-elements-5f86136bee0e152fcb8b16d68e43a7b4\">Se dice que el puente peatonal estar\u00e1 listo en diciembre, y ojal\u00e1 as\u00ed sea, porque es la temporada dw vacaciones invernal y este crucero se vuelve un caos.<\/p>\n\n\n\n<p class=\"has-black-color has-text-color has-link-color wp-elements-67d9a09fe5c7bf6d6c985d4c8a920b18\">De momento, no hay diferencia en el tr\u00e1fico, y como quien dice nos molestaron 9 meses para acabar igual, hasta que no est\u00e9 la obra completa, con sus acotamientos, trabajos complementarios y otros pasos a desnivel y peatonales para quitar todos los sem\u00e1foros entre Las Juntas y el Aeropuerto, no se tendr\u00e1 gran cambio.<\/p>\n\n\n\n<p class=\"has-black-color has-text-color has-link-color wp-elements-d7d0e653fd4584c466fc3c464f2e4072\">La pregunta final: \u00bfporque no colocaron paso a desnivel de venida desde Bah\u00eda de Banderas? Muy f\u00e1cil: la \u00e9lite que encabeza un ex alcalde y sus socios comerciales, es due\u00f1a de la plaza armatoste que est\u00e1 en la entrada, y ellos dijeron que si la fluidez vehicular mejoraba, las agencias de coches y establecimientos de ese lugar, perder\u00edan a los clientes. As\u00ed que de alguna manera, convencieron a las autoridades de no construir el otro puente.<\/p>\n","protected":false},"excerpt":{"rendered":"<p>Urbanistas y expertos opinan que fue un error de ejecuci\u00f3n en la obra el que di\u00f3 lugar a su apertura sin un paso peatonal elevado El sue\u00f1o de cruzar entre Bah\u00eda y Vallarta en pocos minutos durante las horas picos, sin ning\u00fan problema, se desvaneci\u00f3 en un par de d\u00edas tras la apertura del peque\u00f1o [&hellip;]<\/p>\n","protected":false},"author":1,"featured_media":2000,"comment_status":"open","ping_status":"closed","sticky":false,"template":"","format":"standard","meta":{"footnotes":""},"categories":[87],"tags":[],"class_list":["post-1999","post","type-post","status-publish","format-standard","has-post-thumbnail","hentry","category-trafico"],"_links":{"self":[{"href":"https:\/\/primerovallarta.com\/index.php\/wp-json\/wp\/v2\/posts\/1999","targetHints":{"allow":["GET"]}}],"collection":[{"href":"https:\/\/primerovallarta.com\/index.php\/wp-json\/wp\/v2\/posts"}],"about":[{"href":"https:\/\/primerovallarta.com\/index.php\/wp-json\/wp\/v2\/types\/post"}],"author":[{"embeddable":true,"href":"https:\/\/primerovallarta.com\/index.php\/wp-json\/wp\/v2\/users\/1"}],"replies":[{"embeddable":true,"href":"https:\/\/primerovallarta.com\/index.php\/wp-json\/wp\/v2\/comments?post=1999"}],"version-history":[{"count":1,"href":"https:\/\/primerovallarta.com\/index.php\/wp-json\/wp\/v2\/posts\/1999\/revisions"}],"predecessor-version":[{"id":2001,"href":"https:\/\/primerovallarta.com\/index.php\/wp-json\/wp\/v2\/posts\/1999\/revisions\/2001"}],"wp:featuredmedia":[{"embeddable":true,"href":"https:\/\/primerovallarta.com\/index.php\/wp-json\/wp\/v2\/media\/2000"}],"wp:attachment":[{"href":"https:\/\/primerovallarta.com\/index.php\/wp-json\/wp\/v2\/media?parent=1999"}],"wp:term":[{"taxonomy":"category","embeddable":true,"href":"https:\/\/primerovallarta.com\/index.php\/wp-json\/wp\/v2\/categories?post=1999"},{"taxonomy":"post_tag","embeddable":true,"href":"https:\/\/primerovallarta.com\/index.php\/wp-json\/wp\/v2\/tags?post=1999"}],"curies":[{"name":"wp","href":"https:\/\/api.w.org\/{rel}","templated":true}]}}