{"id":1738,"date":"2025-09-05T19:41:49","date_gmt":"2025-09-05T19:41:49","guid":{"rendered":"https:\/\/primerovallarta.com\/?p=1738"},"modified":"2025-09-05T19:41:49","modified_gmt":"2025-09-05T19:41:49","slug":"gobierno-de-bahia-de-banderas-va-a-ir-contra-verificacion-en-jalisco","status":"publish","type":"post","link":"https:\/\/primerovallarta.com\/index.php\/2025\/09\/05\/gobierno-de-bahia-de-banderas-va-a-ir-contra-verificacion-en-jalisco\/","title":{"rendered":"GOBIERNO DE BAH\u00cdA DE BANDERAS VA A IR CONTRA VERIFICACI\u00d3N EN JALISCO"},"content":{"rendered":"\n<p class=\"has-black-color has-text-color has-link-color wp-elements-9fccc7b60d97e31cab2c80e8fbe61ef0\">El Ayuntamiento de Bah\u00eda de Banderas ha emitido <a><\/a>un contundente rechazo a la pol\u00edtica del pase de estancia temporal del programa de Verificaci\u00f3n Vehicular de Jalisco, calific\u00e1ndola de \u00abinjusta\u00bb y \u00abmal dise\u00f1ada\u00bb. Este posicionamiento, encabezado por la s\u00edndico Daniela Sahag\u00fan y reforzado por el alcalde H\u00e9ctor Santana, marca una inusual confrontaci\u00f3n directa entre los gobiernos de la conurbaci\u00f3n.<\/p>\n\n\n\n<p class=\"has-black-color has-text-color has-link-color wp-elements-30a39d229b0d7c6953c560309683d982\">La s\u00edndico Sahag\u00fan fue la primera en alzar la voz, denunciando que el pase de 30 d\u00edas \u00abno contempla la realidad\u00bb de los miles de trabajadores y residentes que cruzan diariamente a Puerto Vallarta. Considera que es una \u00abbarrera artificial\u00bb que se convierte en una carga administrativa y econ\u00f3mica para los ciudadanos nayaritas.<\/p>\n\n\n\n<p class=\"has-black-color has-text-color has-link-color wp-elements-8f3c42459db818bf3315c28a54e5e6a9\">Posteriormente, el alcalde H\u00e9ctor Santana se uni\u00f3 a la cr\u00edtica a trav\u00e9s de sus redes sociales, afirmando que \u00abno podemos permitir que se imponga una pol\u00edtica que perjudica a nuestra gente\u00bb. Subray\u00f3 que la medida es \u00abconfusa\u00bb y representa un \u00abgasto adicional\u00bb para su poblaci\u00f3n.<\/p>\n\n\n\n<p class=\"has-black-color has-text-color has-link-color wp-elements-b78d0b3983bce417ac0712b6bb45527e\">El n\u00facleo del conflicto es el pase de estancia temporal de 30 d\u00edas, una medida que si bien es gratuita, su limitaci\u00f3n de tiempo y la necesidad de renovarla constantemente la vuelven insostenible para quienes tienen una movilidad diaria. El Ayuntamiento de Bah\u00eda de Banderas ha expresado su intenci\u00f3n de dialogar con las autoridades de Jalisco para encontrar una soluci\u00f3n, como un convenio de reciprocidad o un pase de mayor vigencia.<\/p>\n\n\n\n<p class=\"has-black-color has-text-color has-link-color wp-elements-c3ce673878b57f483429636e4942f6c1\">La tensi\u00f3n ha escalado con la advertencia del alcalde Santana, quien, aunque ve \u00abpoco probable\u00bb que se comiencen a aplicar multas, asegur\u00f3 que si esto ocurre, \u00abNayarit deber\u00e1 responder en la misma forma\u00bb, sugiriendo una posible reciprocidad de acciones. Hasta el momento, el gobernador de Jalisco, Pablo Lemus Navarro, no ha emitido una postura oficial al respecto.<\/p>\n","protected":false},"excerpt":{"rendered":"<p>El Ayuntamiento de Bah\u00eda de Banderas ha emitido un contundente rechazo a la pol\u00edtica del pase de estancia temporal del programa de Verificaci\u00f3n Vehicular de Jalisco, calific\u00e1ndola de \u00abinjusta\u00bb y \u00abmal dise\u00f1ada\u00bb. Este posicionamiento, encabezado por la s\u00edndico Daniela Sahag\u00fan y reforzado por el alcalde H\u00e9ctor Santana, marca una inusual confrontaci\u00f3n directa entre los gobiernos [&hellip;]<\/p>\n","protected":false},"author":1,"featured_media":1739,"comment_status":"open","ping_status":"closed","sticky":false,"template":"","format":"standard","meta":{"footnotes":""},"categories":[11,74],"tags":[],"class_list":["post-1738","post","type-post","status-publish","format-standard","has-post-thumbnail","hentry","category-badeba","category-verificacion"],"_links":{"self":[{"href":"https:\/\/primerovallarta.com\/index.php\/wp-json\/wp\/v2\/posts\/1738","targetHints":{"allow":["GET"]}}],"collection":[{"href":"https:\/\/primerovallarta.com\/index.php\/wp-json\/wp\/v2\/posts"}],"about":[{"href":"https:\/\/primerovallarta.com\/index.php\/wp-json\/wp\/v2\/types\/post"}],"author":[{"embeddable":true,"href":"https:\/\/primerovallarta.com\/index.php\/wp-json\/wp\/v2\/users\/1"}],"replies":[{"embeddable":true,"href":"https:\/\/primerovallarta.com\/index.php\/wp-json\/wp\/v2\/comments?post=1738"}],"version-history":[{"count":1,"href":"https:\/\/primerovallarta.com\/index.php\/wp-json\/wp\/v2\/posts\/1738\/revisions"}],"predecessor-version":[{"id":1740,"href":"https:\/\/primerovallarta.com\/index.php\/wp-json\/wp\/v2\/posts\/1738\/revisions\/1740"}],"wp:featuredmedia":[{"embeddable":true,"href":"https:\/\/primerovallarta.com\/index.php\/wp-json\/wp\/v2\/media\/1739"}],"wp:attachment":[{"href":"https:\/\/primerovallarta.com\/index.php\/wp-json\/wp\/v2\/media?parent=1738"}],"wp:term":[{"taxonomy":"category","embeddable":true,"href":"https:\/\/primerovallarta.com\/index.php\/wp-json\/wp\/v2\/categories?post=1738"},{"taxonomy":"post_tag","embeddable":true,"href":"https:\/\/primerovallarta.com\/index.php\/wp-json\/wp\/v2\/tags?post=1738"}],"curies":[{"name":"wp","href":"https:\/\/api.w.org\/{rel}","templated":true}]}}